{"id":18930,"date":"2025-03-01T23:22:34","date_gmt":"2025-03-01T23:22:34","guid":{"rendered":"https:\/\/hotel-tomi.eu\/blog\/2025\/03\/01\/erwachen-der-kueste-entdecken-sie-die-ersten-zeichen-des-fruehlings-in-portoroz-und-piran\/"},"modified":"2025-03-31T16:58:31","modified_gmt":"2025-03-31T16:58:31","slug":"erwachen-der-kueste-entdecken-sie-die-ersten-zeichen-des-fruehlings-in-portoroz-und-piran","status":"publish","type":"post","link":"https:\/\/hotel-tomi.eu\/de\/blog\/2025\/03\/01\/erwachen-der-kueste-entdecken-sie-die-ersten-zeichen-des-fruehlings-in-portoroz-und-piran\/","title":{"rendered":"Erwachen der K\u00fcste: Entdecken Sie die ersten Zeichen des Fr\u00fchlings in Portoro\u017e und Piran"},"content":{"rendered":"\n<p>\ud83c\udf31 Die stille Wiedergeburt der slowenischen K\u00fcste<\/p>\n\n<p>Der M\u00e4rz bringt das erste Fl\u00fcstern des Fr\u00fchlings an die slowenische Riviera. Die Luft wird milder, das Meer schimmert ein wenig heller, und die H\u00fcgel \u00fcber Portoro\u017e beginnen zu bl\u00fchen. Es ist eine Zeit der stillen Sch\u00f6nheit \u2013 wenn Reisende entschleunigen, sich mit der Natur verbinden und die K\u00fcste auf eine Weise erleben k\u00f6nnen, wie es nur wenige tun.  <\/p>\n\n<p>Im <strong>Hotel Tomi<\/strong> lieben wir diese Jahreszeit. Sie ist weder laut noch hektisch \u2013 <strong>sie ist friedlich, hoffnungsvoll und voller M\u00f6glichkeiten<\/strong>. Und wenn Sie uns jetzt besuchen, werden Sie eine andere Art von Luxus entdecken: <strong>Raum, Ruhe und Authentizit\u00e4t<\/strong>.  <\/p>\n\n<hr class=\"wp-block-separator has-alpha-channel-opacity\"\/>\n\n<h3 class=\"wp-block-heading\">\ud83c\udf38 Ihre fr\u00fche Fr\u00fchlingsreise: Was zu sehen, zu f\u00fchlen und zu genie\u00dfen<\/h3>\n\n<h4 class=\"wp-block-heading\">Morgen: Beobachten Sie das Erwachen der K\u00fcste<\/h4>\n\n<p>Beginnen Sie Ihren Tag mit einem Spaziergang entlang des <strong>K\u00fcstenwegs Portoro\u017e\u2013Strunjan<\/strong>. Die Luft ist frisch und leicht, Vogelgesang erf\u00fcllt die B\u00e4ume, und wahrscheinlich haben Sie den Weg fast ganz f\u00fcr sich allein. <\/p>\n\n<p>\ud83d\udccd <strong>Das Naturschutzgebiet Strunjan<\/strong> ist besonders friedlich im fr\u00fchen Fr\u00fchling \u2013 die Salinen glitzern im Morgenlicht, und Wildblumen beginnen die R\u00e4nder der Klippen zu f\u00e4rben.<\/p>\n\n<p>Fragen Sie an der <strong>Rezeption des Hotel Tomi <\/strong>nach einer Picknickkarte oder saisonalen Wandertipps.<\/p>\n<div class=\"wp-block-image\">\n<figure class=\"alignleft size-large\"><img loading=\"lazy\" decoding=\"async\" width=\"1024\" height=\"576\" src=\"https:\/\/hotel-tomi.eu\/wp-content\/uploads\/2025\/03\/sitting_on_the_edge_dog-1024x576.jpg\" alt=\"\" class=\"wp-image-18885\" srcset=\"https:\/\/hotel-tomi.eu\/wp-content\/uploads\/2025\/03\/sitting_on_the_edge_dog-1024x576.jpg 1024w, https:\/\/hotel-tomi.eu\/wp-content\/uploads\/2025\/03\/sitting_on_the_edge_dog-300x169.jpg 300w, https:\/\/hotel-tomi.eu\/wp-content\/uploads\/2025\/03\/sitting_on_the_edge_dog-768x432.jpg 768w, https:\/\/hotel-tomi.eu\/wp-content\/uploads\/2025\/03\/sitting_on_the_edge_dog-1536x864.jpg 1536w, https:\/\/hotel-tomi.eu\/wp-content\/uploads\/2025\/03\/sitting_on_the_edge_dog.jpg 1920w\" sizes=\"auto, (max-width: 1024px) 100vw, 1024px\" \/><figcaption class=\"wp-element-caption\">Beobachtung des Meeres und des Sonnenuntergangs.<\/figcaption><\/figure>\n<\/div>\n<h4 class=\"wp-block-heading\">Mittag: Finden Sie Sch\u00f6nheit in der Einfachheit<\/h4>\n\n<p>Jetzt ist die Zeit, <strong>Slow Travel zu genie\u00dfen<\/strong>. Halten Sie in einem Caf\u00e9 am Meer in Piran, schl\u00fcrfen Sie Kaffee unter einer Decke und tauchen Sie ein in den mediterranen Rhythmus. Die Einheimischen sind entspannt, und das Fehlen von Menschenmassen macht jeden Moment authentischer.  <\/p>\n\n<p>M\u00f6chten Sie etwas Aktiveres? Besuchen Sie den <strong>Skulpturenpark Forma Viva in Se\u010da<\/strong>, wo zeitgen\u00f6ssische Kunst auf Panoramablicke trifft. Es ist unter freiem Himmel, nicht \u00fcberlaufen und still inspirierend.  <\/p>\n\n<hr class=\"wp-block-separator has-alpha-channel-opacity\"\/>\n\n<h4 class=\"wp-block-heading\">Nachmittag: Erleben Sie das Wiedererwachen der Natur<\/h4>\n\n<p>Fahren oder radeln Sie in die sanften H\u00fcgel hinter Portoro\u017e und erkunden Sie das fr\u00fche Gr\u00fcn <strong>der istrischen Weinberge und Olivenhaine<\/strong>. Sie werden Bauern finden, die beginnen, die Reben zu beschneiden, frische Kr\u00e4uter sprie\u00dfen, und \u00fcberall, wo Sie anhalten, warme Gastfreundschaft. <\/p>\n\n<p>Denken Sie \u00fcber eine <strong>Verkostung von lokalem Oliven\u00f6l nach<\/strong> \u2013 der M\u00e4rz ist die perfekte Zeit, um die istrischen \u00d6le mit ihrem charakteristischen pfeffrigen Abgang zu entdecken. Viele Familienbetriebe hei\u00dfen Besucher willkommen, und wir empfehlen Ihnen gerne unsere vertrauensw\u00fcrdigen Partner. <\/p>\n<span class=\"gdlr-core-space-shortcode\" style=\"margin-top: 40px ;\"  ><\/span>\n\n<h4 class=\"wp-block-heading\">Abend: Verbinden Sie sich neu, reflektieren Sie und entspannen Sie sich<\/h4>\n\n<p>Wenn die Sonne \u00fcber dem Meer untergeht, kehren Sie in Ihr Zimmer im <strong>Hotel Tomi<\/strong> zur\u00fcck. Obwohl unser Restaurant im April wieder \u00f6ffnet, f\u00fchren wir Sie zu den gem\u00fctlichsten lokalen Lokalen und k\u00f6nnen ein Kr\u00e4utertee-Setup nach dem Abendessen in Ihrem Zimmer organisieren. <\/p>\n\n<p>Machen Sie es sich gem\u00fctlich, schreiben Sie ein paar Postkarten oder beobachten Sie einfach die Lichter von Piran, die \u00fcber die Bucht flackern. Es ist die Art von Abend, die Sie mit Ruhe und Dankbarkeit erf\u00fcllt. <\/p>\n<span class=\"gdlr-core-space-shortcode\" style=\"margin-top: 40px ;\"  ><\/span>\n\n<figure class=\"wp-block-gallery has-nested-images columns-default is-cropped wp-block-gallery-1 is-layout-flex wp-block-gallery-is-layout-flex\">\n<figure class=\"wp-block-image size-large\"><img loading=\"lazy\" decoding=\"async\" width=\"576\" height=\"1024\" data-id=\"18893\" src=\"https:\/\/hotel-tomi.eu\/wp-content\/uploads\/2025\/03\/coffee_piran-576x1024.jpg\" alt=\"\" class=\"wp-image-18893\" srcset=\"https:\/\/hotel-tomi.eu\/wp-content\/uploads\/2025\/03\/coffee_piran-576x1024.jpg 576w, https:\/\/hotel-tomi.eu\/wp-content\/uploads\/2025\/03\/coffee_piran-169x300.jpg 169w, https:\/\/hotel-tomi.eu\/wp-content\/uploads\/2025\/03\/coffee_piran-768x1365.jpg 768w, https:\/\/hotel-tomi.eu\/wp-content\/uploads\/2025\/03\/coffee_piran-864x1536.jpg 864w, https:\/\/hotel-tomi.eu\/wp-content\/uploads\/2025\/03\/coffee_piran.jpg 1080w\" sizes=\"auto, (max-width: 576px) 100vw, 576px\" \/><figcaption class=\"wp-element-caption\">Tartini-Platz<\/figcaption><\/figure>\n\n\n\n<figure class=\"wp-block-image size-large\"><img loading=\"lazy\" decoding=\"async\" width=\"576\" height=\"1024\" data-id=\"18901\" src=\"https:\/\/hotel-tomi.eu\/wp-content\/uploads\/2025\/03\/blooming_cherrys-576x1024.jpg\" alt=\"\" class=\"wp-image-18901\" srcset=\"https:\/\/hotel-tomi.eu\/wp-content\/uploads\/2025\/03\/blooming_cherrys-576x1024.jpg 576w, https:\/\/hotel-tomi.eu\/wp-content\/uploads\/2025\/03\/blooming_cherrys-169x300.jpg 169w, https:\/\/hotel-tomi.eu\/wp-content\/uploads\/2025\/03\/blooming_cherrys-768x1365.jpg 768w, https:\/\/hotel-tomi.eu\/wp-content\/uploads\/2025\/03\/blooming_cherrys-864x1536.jpg 864w, https:\/\/hotel-tomi.eu\/wp-content\/uploads\/2025\/03\/blooming_cherrys.jpg 1080w\" sizes=\"auto, (max-width: 576px) 100vw, 576px\" \/><figcaption class=\"wp-element-caption\">Bl\u00fchende Kirschb\u00e4ume in Portoro\u017e<\/figcaption><\/figure>\n\n\n\n<figure class=\"wp-block-image size-large\"><img loading=\"lazy\" decoding=\"async\" width=\"576\" height=\"1024\" data-id=\"18909\" src=\"https:\/\/hotel-tomi.eu\/wp-content\/uploads\/2025\/03\/olive_tree-576x1024.jpg\" alt=\"\" class=\"wp-image-18909\" srcset=\"https:\/\/hotel-tomi.eu\/wp-content\/uploads\/2025\/03\/olive_tree-576x1024.jpg 576w, https:\/\/hotel-tomi.eu\/wp-content\/uploads\/2025\/03\/olive_tree-169x300.jpg 169w, https:\/\/hotel-tomi.eu\/wp-content\/uploads\/2025\/03\/olive_tree-768x1365.jpg 768w, https:\/\/hotel-tomi.eu\/wp-content\/uploads\/2025\/03\/olive_tree-864x1536.jpg 864w, https:\/\/hotel-tomi.eu\/wp-content\/uploads\/2025\/03\/olive_tree.jpg 1080w\" sizes=\"auto, (max-width: 576px) 100vw, 576px\" \/><figcaption class=\"wp-element-caption\">Olivenbaum in Se\u010da<\/figcaption><\/figure>\n<\/figure>\n<span class=\"gdlr-core-space-shortcode\" style=\"margin-top: 20px ;\"  ><\/span>\n\n<p>\ud83c\udf3f Warum der M\u00e4rz z\u00e4hlt<\/p>\n\n<p>Die meisten Reisenden warten auf April oder Mai \u2013 aber der M\u00e4rz ist f\u00fcr diejenigen, <strong>die Authentizit\u00e4t lieben<\/strong>. Die slowenische K\u00fcste bietet saubere, frische Luft, eine reiche lokale Kultur und Raum zum Atmen. Es ist f\u00fcr Menschen, die nicht reisen, um dem Leben zu entfliehen, sondern um zu ihm zur\u00fcckzukehren.  <\/p>\n\n<p>Wenn Sie Einfachheit, Sch\u00f6nheit und einen Vorsprung auf den Fr\u00fchling suchen, ist der <strong>M\u00e4rz Ihr Moment \u2013 und das Hotel Tomi Ihre Basis<\/strong>.<\/p>\n","protected":false},"excerpt":{"rendered":"<p>\ud83c\udf31 Die stille Wiedergeburt der slowenischen K\u00fcste Der M\u00e4rz bringt das erste Fl\u00fcstern des Fr\u00fchlings an die slowenische Riviera. Die Luft wird milder, das Meer schimmert ein wenig heller, und die H\u00fcgel \u00fcber Portoro\u017e beginnen zu bl\u00fchen. Es ist eine Zeit der stillen Sch\u00f6nheit \u2013 wenn Reisende entschleunigen, sich mit der Natur verbinden und die [&hellip;]<\/p>\n","protected":false},"author":1,"featured_media":18880,"comment_status":"closed","ping_status":"open","sticky":false,"template":"","format":"standard","meta":{"_siteseo_robots_primary_cat":"none","footnotes":""},"categories":[246,251,247,248,249,250],"tags":[258,256,257,259,252,253,260,254,261,255],"class_list":["post-18930","post","type-post","status-publish","format-standard","has-post-thumbnail","hentry","category-erlebnisse-aktivitaten","category-nachhaltiger-tourismus","category-planung","category-reisetipps","category-slowenische-kuste","category-tagesausfluge-besichtigungen","tag-fruhlingsreisen","tag-hotel-tomi-de","tag-kustenregion-sloweniens","tag-naturspaziergange","tag-piran-de","tag-portoroz-de","tag-slow-travel-de","tag-slowenische-kuste","tag-urlaub-am-meer","tag-wellness-de"],"_links":{"self":[{"href":"https:\/\/hotel-tomi.eu\/de\/wp-json\/wp\/v2\/posts\/18930","targetHints":{"allow":["GET"]}}],"collection":[{"href":"https:\/\/hotel-tomi.eu\/de\/wp-json\/wp\/v2\/posts"}],"about":[{"href":"https:\/\/hotel-tomi.eu\/de\/wp-json\/wp\/v2\/types\/post"}],"author":[{"embeddable":true,"href":"https:\/\/hotel-tomi.eu\/de\/wp-json\/wp\/v2\/users\/1"}],"replies":[{"embeddable":true,"href":"https:\/\/hotel-tomi.eu\/de\/wp-json\/wp\/v2\/comments?post=18930"}],"version-history":[{"count":1,"href":"https:\/\/hotel-tomi.eu\/de\/wp-json\/wp\/v2\/posts\/18930\/revisions"}],"predecessor-version":[{"id":18931,"href":"https:\/\/hotel-tomi.eu\/de\/wp-json\/wp\/v2\/posts\/18930\/revisions\/18931"}],"wp:featuredmedia":[{"embeddable":true,"href":"https:\/\/hotel-tomi.eu\/de\/wp-json\/wp\/v2\/media\/18880"}],"wp:attachment":[{"href":"https:\/\/hotel-tomi.eu\/de\/wp-json\/wp\/v2\/media?parent=18930"}],"wp:term":[{"taxonomy":"category","embeddable":true,"href":"https:\/\/hotel-tomi.eu\/de\/wp-json\/wp\/v2\/categories?post=18930"},{"taxonomy":"post_tag","embeddable":true,"href":"https:\/\/hotel-tomi.eu\/de\/wp-json\/wp\/v2\/tags?post=18930"}],"curies":[{"name":"wp","href":"https:\/\/api.w.org\/{rel}","templated":true}]}}