{"id":19022,"date":"2025-04-14T16:00:53","date_gmt":"2025-04-14T14:00:53","guid":{"rendered":"https:\/\/hotel-tomi.eu\/?p=19022"},"modified":"2025-04-14T17:44:33","modified_gmt":"2025-04-14T15:44:33","slug":"se-reveiller-avec-la-cote-une-journee-de-slow-travel-a-portoroz","status":"publish","type":"post","link":"https:\/\/hotel-tomi.eu\/fr\/blog\/2025\/04\/14\/se-reveiller-avec-la-cote-une-journee-de-slow-travel-a-portoroz\/","title":{"rendered":"Se r\u00e9veiller avec la c\u00f4te : Une journ\u00e9e de slow travel \u00e0 Portoro\u017e"},"content":{"rendered":"\n<h3 class=\"wp-block-heading\">\ud83c\udf3f \u00ab J\u2019\u00e9tais venue faire une pause. Je repars avec un nouveau rythme de vie. \u00bb<\/h3>\n\n<p>Ce n\u2019\u00e9tait pas un grand projet \u2014 juste une courte escapade sur la c\u00f4te, loin des e-mails professionnels et des notifications sans fin. Avril semblait \u00eatre le bon moment. Pas trop chaud, pas trop bond\u00e9. J\u2019ai r\u00e9serv\u00e9 une chambre \u00e0 <strong>l\u2019H\u00f4tel Tomi<\/strong> sur un coup de t\u00eate, attir\u00e9e par la vue sur la mer et sa r\u00e9putation paisible. Ce \u00e0 quoi je ne m\u2019attendais pas, c\u2019est \u00e0 <strong>quelle vitesse cet endroit m\u2019a ralentie \u2014 de la meilleure fa\u00e7on qui soit<\/strong>.    <\/p>\n\n<p>Voici comment une journ\u00e9e s\u2019est d\u00e9roul\u00e9e. Peut-\u00eatre que vous vous y retrouverez aussi. <\/p>\n<div class=\"wp-block-image is-resized\">\n<figure class=\"alignleft size-large\"><img loading=\"lazy\" decoding=\"async\" width=\"1024\" height=\"576\" src=\"https:\/\/hotel-tomi.eu\/wp-content\/uploads\/2025\/04\/hiking_003-1024x576.jpg\" alt=\"\" class=\"wp-image-18971\" srcset=\"https:\/\/hotel-tomi.eu\/wp-content\/uploads\/2025\/04\/hiking_003-1024x576.jpg 1024w, https:\/\/hotel-tomi.eu\/wp-content\/uploads\/2025\/04\/hiking_003-300x169.jpg 300w, https:\/\/hotel-tomi.eu\/wp-content\/uploads\/2025\/04\/hiking_003-768x432.jpg 768w, https:\/\/hotel-tomi.eu\/wp-content\/uploads\/2025\/04\/hiking_003-1536x864.jpg 1536w, https:\/\/hotel-tomi.eu\/wp-content\/uploads\/2025\/04\/hiking_003.jpg 1920w\" sizes=\"auto, (max-width: 1024px) 100vw, 1024px\" \/><figcaption class=\"wp-element-caption\">Sentier Forma Viva<\/figcaption><\/figure>\n<\/div>\n<p><\/p>\n\n<h3 class=\"wp-block-heading\">08h12 \u2014 La vue<\/h3>\n\n<p>Je n\u2019ai pas mis de r\u00e9veil. Je n\u2019en avais pas besoin. La <strong>lumi\u00e8re du soleil filtrant \u00e0 travers<\/strong> les rideaux et le cri lointain des go\u00e9lands ont suffi. J\u2019ai tir\u00e9 les rideaux et je suis rest\u00e9e l\u00e0. En contrebas : des toits en tuiles, des oliviers, et plus loin, l\u2019Adriatique paisible qui scintillait. Je ne crois pas avoir d\u00e9j\u00e0 pass\u00e9 autant de temps \u00e0 <strong>contempler \u00ab rien \u00bb<\/strong> \u2014 et \u00e0 me sentir aussi combl\u00e9e.     <\/p>\n\n<hr class=\"wp-block-separator has-alpha-channel-opacity\"\/>\n\n<h3 class=\"wp-block-heading\">09h20 \u2014 Petit-d\u00e9jeuner, en douceur<\/h3>\n\n<p>Le petit-d\u00e9jeuner \u00e0 <strong>l\u2019H\u00f4tel Tomi<\/strong> n\u2019est pas une course. Ce n\u2019est pas un buffet qu\u2019on assaille. C\u2019est une <strong>fen\u00eatre panoramique, un caf\u00e9 que l\u2019on savoure<\/strong>, et du fromage et du miel locaux qu\u2019on n\u2019oublie pas. Tout le monde porte des v\u00eatements confortables. Aucune urgence. Juste un doux bourdonnement de satisfaction.     <\/p>\n\n<p>Un couple pr\u00e9voyait une randonn\u00e9e. Une dame \u00e2g\u00e9e \u00e9crivait des cartes postales. Moi, je regardais les couleurs de la baie changer.  <\/p>\n\n<hr class=\"wp-block-separator has-alpha-channel-opacity\"\/>\n\n<h3 class=\"wp-block-heading\">11h00 \u2014 Le sentier c\u00f4tier<\/h3>\n\n<p>J\u2019ai suivi la <strong>promenade de Portoro\u017e jusqu\u2019\u00e0 Piran<\/strong>, croisant des joggeurs, des caf\u00e9s qui pr\u00e9paraient le d\u00e9jeuner, et quelques promeneurs de chiens qui me souriaient comme si nous partagions un secret. Le soleil \u00e9tait doux mais pr\u00e9sent. Avril permet de marcher sans transpirer.  <\/p>\n\n<p>La place Tartini \u00e9tait anim\u00e9e mais pas bruyante. J\u2019ai command\u00e9 un th\u00e9 et je me suis assise en silence. Les gens fl\u00e2naient, les pigeons paradaient, un petit gar\u00e7on poursuivait des bulles de savon avec une joie pure. C\u2019\u00e9tait comme une <strong>carte postale europ\u00e9enne parfaite<\/strong> \u2014 mais j\u2019\u00e9tais dedans.   <\/p>\n\n<hr class=\"wp-block-separator has-alpha-channel-opacity\"\/>\n\n<h3 class=\"wp-block-heading\">14h15 \u2014 Oliviers et art inattendu<\/h3>\n\n<p>Le personnel de l\u2019H\u00f4tel Tomi m\u2019a sugg\u00e9r\u00e9 de visiter <strong>le parc de sculptures Forma Viva \u00e0 Se\u010da<\/strong>. Je ne savais pas \u00e0 quoi m\u2019attendre, mais ce que j\u2019ai trouv\u00e9 \u00e9tait&#8230; po\u00e9tique. D\u00e9s sculptures massives en pierre r\u00e9parties sur une colline ouverte avec vue sur la mer. Pas de barri\u00e8res. Pas de foule. Juste de <strong>l\u2019art, du vent et de l\u2019espace<\/strong>.     <\/p>\n\n<p>Sur le chemin du retour, je suis pass\u00e9e devant une petite boutique familiale d\u2019huile d\u2019olive. J\u2019ai go\u00fbt\u00e9 quelque chose de poivr\u00e9 et d\u2019authentique. J\u2019ai achet\u00e9 deux bouteilles. Je ne les utiliserai probablement jamais \u2014 ce sont des souvenirs de go\u00fbts.   <\/p>\n<span class=\"gdlr-core-space-shortcode\" style=\"margin-top: 40px ;\"  ><\/span>\n\n<p><\/p>\n\n<figure class=\"wp-block-gallery has-nested-images columns-default is-cropped wp-block-gallery-1 is-layout-flex wp-block-gallery-is-layout-flex\">\n<figure class=\"wp-block-image size-full\"><img loading=\"lazy\" decoding=\"async\" width=\"1080\" height=\"1920\" data-id=\"18987\" src=\"https:\/\/hotel-tomi.eu\/wp-content\/uploads\/2025\/04\/cob_006.jpg\" alt=\"\" class=\"wp-image-18987\" srcset=\"https:\/\/hotel-tomi.eu\/wp-content\/uploads\/2025\/04\/cob_006.jpg 1080w, https:\/\/hotel-tomi.eu\/wp-content\/uploads\/2025\/04\/cob_006-169x300.jpg 169w, https:\/\/hotel-tomi.eu\/wp-content\/uploads\/2025\/04\/cob_006-576x1024.jpg 576w, https:\/\/hotel-tomi.eu\/wp-content\/uploads\/2025\/04\/cob_006-768x1365.jpg 768w, https:\/\/hotel-tomi.eu\/wp-content\/uploads\/2025\/04\/cob_006-864x1536.jpg 864w\" sizes=\"auto, (max-width: 1080px) 100vw, 1080px\" \/><figcaption class=\"wp-element-caption\">Vue pour se r\u00e9\u00e9quilibrer<\/figcaption><\/figure>\n\n\n\n<figure class=\"wp-block-image size-large\"><img loading=\"lazy\" decoding=\"async\" width=\"576\" height=\"1024\" data-id=\"18995\" src=\"https:\/\/hotel-tomi.eu\/wp-content\/uploads\/2025\/04\/cob_005-576x1024.jpg\" alt=\"\" class=\"wp-image-18995\" srcset=\"https:\/\/hotel-tomi.eu\/wp-content\/uploads\/2025\/04\/cob_005-576x1024.jpg 576w, https:\/\/hotel-tomi.eu\/wp-content\/uploads\/2025\/04\/cob_005-169x300.jpg 169w, https:\/\/hotel-tomi.eu\/wp-content\/uploads\/2025\/04\/cob_005-768x1365.jpg 768w, https:\/\/hotel-tomi.eu\/wp-content\/uploads\/2025\/04\/cob_005-864x1536.jpg 864w, https:\/\/hotel-tomi.eu\/wp-content\/uploads\/2025\/04\/cob_005.jpg 1080w\" sizes=\"auto, (max-width: 576px) 100vw, 576px\" \/><figcaption class=\"wp-element-caption\">Entr\u00e9e m\u00e9ditative au COB<\/figcaption><\/figure>\n\n\n\n<figure class=\"wp-block-image size-large\"><img loading=\"lazy\" decoding=\"async\" width=\"576\" height=\"1024\" data-id=\"19003\" src=\"https:\/\/hotel-tomi.eu\/wp-content\/uploads\/2025\/04\/cob_007-576x1024.jpg\" alt=\"\" class=\"wp-image-19003\" srcset=\"https:\/\/hotel-tomi.eu\/wp-content\/uploads\/2025\/04\/cob_007-576x1024.jpg 576w, https:\/\/hotel-tomi.eu\/wp-content\/uploads\/2025\/04\/cob_007-169x300.jpg 169w, https:\/\/hotel-tomi.eu\/wp-content\/uploads\/2025\/04\/cob_007-768x1365.jpg 768w, https:\/\/hotel-tomi.eu\/wp-content\/uploads\/2025\/04\/cob_007-864x1536.jpg 864w, https:\/\/hotel-tomi.eu\/wp-content\/uploads\/2025\/04\/cob_007.jpg 1080w\" sizes=\"auto, (max-width: 576px) 100vw, 576px\" \/><figcaption class=\"wp-element-caption\">Un voyage pour l\u2019\u00e2me<\/figcaption><\/figure>\n<\/figure>\n<span class=\"gdlr-core-space-shortcode\" style=\"margin-top: 20px ;\"  ><\/span>\n\n<h3 class=\"wp-block-heading\">17h40 \u2014 Une table au COB<\/h3>\n\n<p>Le d\u00eener \u00e9tait exceptionnel. J\u2019avais r\u00e9ussi \u00e0 r\u00e9server une table au <strong>COB<\/strong>, le restaurant \u00e9toil\u00e9 Michelin perch\u00e9 dans les collines de Portoro\u017e. Le cadre \u00e9tait minimaliste, raffi\u00e9n\u00e9, presque m\u00e9ditatif \u2014 comme si la nourriture \u00e9tait la seule chose qui comptait.  <\/p>\n\n<p>Pas de menu \u00e0 choisir. Juste de la confiance. Un <strong>parcours de d\u00e9gustation saisonnier<\/strong> compos\u00e9 d\u2019ingr\u00e9dients locaux, pr\u00e9sent\u00e9 comme une \u0153uvre d\u2019art, chaque plat accompagn\u00e9 de vins slov\u00e8nes soigneusement s\u00e9lectionn\u00e9s. Je n\u2019ai pas pris de photos. Je me suis juste laiss\u00e9e porter \u2014 <strong>des saveurs qui se d\u00e9roulent lentement<\/strong>, des histoires racont\u00e9es par les textures et les parfums.    <\/p>\n\n<p>Au dernier morceau, je ne pensais plus aux ingr\u00e9dients, aux \u00e9toiles ou aux guides. J\u2019\u00e9tais juste&#8230; pr\u00e9sente. Apais\u00e9e. Reconnaissante.   <\/p>\n\n<hr class=\"wp-block-separator has-alpha-channel-opacity\"\/>\n\n<h3 class=\"wp-block-heading\">21h00 \u2014 Pas la fin, juste le calme<\/h3>\n\n<p>Pas de clubs. Pas de drame nocturne. Juste une promenade jusqu&rsquo;\u00e0 ma chambre. Une tisane. La lueur de Portoro\u017e au loin. Mon t\u00e9l\u00e9phone est rest\u00e9 dans le tiroir presque toute la journ\u00e9e.     <\/p>\n\n<p>Et j\u2019ai compris quelque chose : ce n\u2019\u00e9tait pas seulement des vacances. C\u2019\u00e9tait une <strong>r\u00e9initialisation<\/strong>. <\/p>\n\n<p>Avril sur la c\u00f4te ne vous divertit pas \u2014 il <strong>vous recentre<\/strong>.<\/p>\n\n<h3 class=\"wp-block-heading\"><\/h3>\n","protected":false},"excerpt":{"rendered":"<p>\ud83c\udf3f \u00ab J\u2019\u00e9tais venue faire une pause. Je repars avec un nouveau rythme de vie. \u00bb Ce n\u2019\u00e9tait pas un grand projet \u2014 juste une courte escapade sur la c\u00f4te, loin des e-mails professionnels et des notifications sans fin. Avril semblait \u00eatre le bon moment. Pas trop chaud, pas trop bond\u00e9. J\u2019ai r\u00e9serv\u00e9 une chambre [&hellip;]<\/p>\n","protected":false},"author":6,"featured_media":18981,"comment_status":"closed","ping_status":"open","sticky":false,"template":"","format":"standard","meta":{"_siteseo_robots_primary_cat":"none","footnotes":""},"categories":[264,266,262,420,263],"tags":[423,272,268,269,275,424,273,422,425,421],"class_list":["post-19022","post","type-post","status-publish","format-standard","has-post-thumbnail","hentry","category-conseils-de-voyage","category-excursions-dune-journee-et-visites-touristiques","category-experiences-et-activites","category-gastronomie-et-boissons","category-planification","tag-escapade-printaniere","tag-hotel-tomi-fr","tag-piran-fr","tag-portoroz-fr","tag-promenades-dans-la-nature","tag-recit-de-voyage","tag-slovenie-cotiere","tag-tourisme-lent","tag-villes-cotieres","tag-voyages-davril"],"_links":{"self":[{"href":"https:\/\/hotel-tomi.eu\/fr\/wp-json\/wp\/v2\/posts\/19022","targetHints":{"allow":["GET"]}}],"collection":[{"href":"https:\/\/hotel-tomi.eu\/fr\/wp-json\/wp\/v2\/posts"}],"about":[{"href":"https:\/\/hotel-tomi.eu\/fr\/wp-json\/wp\/v2\/types\/post"}],"author":[{"embeddable":true,"href":"https:\/\/hotel-tomi.eu\/fr\/wp-json\/wp\/v2\/users\/6"}],"replies":[{"embeddable":true,"href":"https:\/\/hotel-tomi.eu\/fr\/wp-json\/wp\/v2\/comments?post=19022"}],"version-history":[{"count":5,"href":"https:\/\/hotel-tomi.eu\/fr\/wp-json\/wp\/v2\/posts\/19022\/revisions"}],"predecessor-version":[{"id":19075,"href":"https:\/\/hotel-tomi.eu\/fr\/wp-json\/wp\/v2\/posts\/19022\/revisions\/19075"}],"wp:featuredmedia":[{"embeddable":true,"href":"https:\/\/hotel-tomi.eu\/fr\/wp-json\/wp\/v2\/media\/18981"}],"wp:attachment":[{"href":"https:\/\/hotel-tomi.eu\/fr\/wp-json\/wp\/v2\/media?parent=19022"}],"wp:term":[{"taxonomy":"category","embeddable":true,"href":"https:\/\/hotel-tomi.eu\/fr\/wp-json\/wp\/v2\/categories?post=19022"},{"taxonomy":"post_tag","embeddable":true,"href":"https:\/\/hotel-tomi.eu\/fr\/wp-json\/wp\/v2\/tags?post=19022"}],"curies":[{"name":"wp","href":"https:\/\/api.w.org\/{rel}","templated":true}]}}