{"id":18936,"date":"2025-03-01T23:22:34","date_gmt":"2025-03-01T23:22:34","guid":{"rendered":"https:\/\/hotel-tomi.eu\/blog\/2025\/03\/01\/part-menti-ebredes-fedezd-fel-a-tavasz-elso-jeleit-portorozban-es-piranban\/"},"modified":"2025-03-31T22:35:37","modified_gmt":"2025-03-31T22:35:37","slug":"part-menti-ebredes-fedezd-fel-a-tavasz-elso-jeleit-portorozban-es-piranban","status":"publish","type":"post","link":"https:\/\/hotel-tomi.eu\/hu\/blog\/2025\/03\/01\/part-menti-ebredes-fedezd-fel-a-tavasz-elso-jeleit-portorozban-es-piranban\/","title":{"rendered":"Part menti \u00e9bred\u00e9s: Fedezd fel a tavasz els\u0151 jeleit Portoro\u017eban \u00e9s Piranban"},"content":{"rendered":"\n<p>\ud83c\udf31 A szlov\u00e9n tengerpart csendes \u00fajj\u00e1sz\u00fclet\u00e9se<\/p>\n\n<p>M\u00e1rciusban a szlov\u00e9n rivi\u00e9ra els\u0151 tavaszi suttog\u00e1sa \u00e9rezhet\u0151. A leveg\u0151 enyh\u00e9bb\u00e9 v\u00e1lik, a tenger egy kicsit f\u00e9nyesebben csillog, \u00e9s Portoro\u017e f\u00f6l\u00f6tt a dombok vir\u00e1gozni kezdenek. Ez a csendes sz\u00e9ps\u00e9g ideje \u2014 amikor az utaz\u00f3k lass\u00edthatnak, \u00fajra kapcsolatba l\u00e9phetnek a term\u00e9szettel, \u00e9s olyan m\u00f3don tapasztalhatj\u00e1k meg a partot, ahogy azt kevesen teszik.  <\/p>\n\n<p>A <strong>Hotel Tomi-ban<\/strong> szeretj\u00fck ezt az \u00e9vszakot. Nem hangos, nem rohan\u00f3 \u2014 <strong>b\u00e9k\u00e9s, rem\u00e9nyteli \u00e9s tele lehet\u0151s\u00e9gekkel<\/strong>. Ha most l\u00e1togatsz el hozz\u00e1nk, egy m\u00e1sfajta luxust fedezhetsz fel: <strong>teret, nyugalmat \u00e9s hiteless\u00e9get<\/strong>.  <\/p>\n\n<hr class=\"wp-block-separator has-alpha-channel-opacity\"\/>\n\n<h3 class=\"wp-block-heading\">\ud83c\udf38 Korai tavaszi utaz\u00e1sod: Mit l\u00e1ss, \u00e9rezz \u00e9s \u00edzlelj meg<\/h3>\n\n<h4 class=\"wp-block-heading\">Reggel: Figyeld meg a part \u00e9bred\u00e9s\u00e9t<\/h4>\n\n<p>Kezdd a napot egy s\u00e9t\u00e1val a <strong>Portoro\u017e\u2013Strunjan tengerparti \u00f6sv\u00e9nyen<\/strong>. A leveg\u0151 friss \u00e9s k\u00f6nny\u0171, a f\u00e1kban mad\u00e1rdal sz\u00f3l, \u00e9s j\u00f3 es\u00e9llyel szinte teljesen egyed\u00fcl \u00e9lvezheted az utat. <\/p>\n\n<p>\ud83d\udccd A <strong>Strunjani Term\u00e9szetv\u00e9delmi Ter\u00fclet<\/strong> k\u00fcl\u00f6n\u00f6sen nyugodt kora tavasszal \u2014 a s\u00f3mez\u0151k reggeli f\u00e9nyben csillognak, a vadvir\u00e1gok pedig elkezdik sz\u00ednezni a szikl\u00e1k perem\u00e9t.<\/p>\n\n<p>K\u00e9rj piknik t\u00e9rk\u00e9pet vagy szezon\u00e1lis t\u00faratippeket a <strong>Hotel Tomi recepci\u00f3j\u00e1n<\/strong>.<\/p>\n<div class=\"wp-block-image\">\n<figure class=\"alignleft size-large\"><img loading=\"lazy\" decoding=\"async\" width=\"1024\" height=\"576\" src=\"https:\/\/hotel-tomi.eu\/wp-content\/uploads\/2025\/03\/sitting_on_the_edge_dog-1024x576.jpg\" alt=\"\" class=\"wp-image-18885\" srcset=\"https:\/\/hotel-tomi.eu\/wp-content\/uploads\/2025\/03\/sitting_on_the_edge_dog-1024x576.jpg 1024w, https:\/\/hotel-tomi.eu\/wp-content\/uploads\/2025\/03\/sitting_on_the_edge_dog-300x169.jpg 300w, https:\/\/hotel-tomi.eu\/wp-content\/uploads\/2025\/03\/sitting_on_the_edge_dog-768x432.jpg 768w, https:\/\/hotel-tomi.eu\/wp-content\/uploads\/2025\/03\/sitting_on_the_edge_dog-1536x864.jpg 1536w, https:\/\/hotel-tomi.eu\/wp-content\/uploads\/2025\/03\/sitting_on_the_edge_dog.jpg 1920w\" sizes=\"auto, (max-width: 1024px) 100vw, 1024px\" \/><figcaption class=\"wp-element-caption\">Tenger \u00e9s naplemente megfigyel\u00e9se.<\/figcaption><\/figure>\n<\/div>\n<h4 class=\"wp-block-heading\">D\u00e9lben: Tal\u00e1ld meg a sz\u00e9ps\u00e9get az egyszer\u0171s\u00e9gben<\/h4>\n\n<p>Most van itt az ideje, hogy \u00e1tadd magad a <strong>lass\u00fa utaz\u00e1s \u00e9lm\u00e9ny\u00e9nek<\/strong>. \u00c1llj meg egy tengerparti k\u00e1v\u00e9z\u00f3ban Piranban, kortyolj k\u00e1v\u00e9t egy takar\u00f3 alatt, \u00e9s \u00e9lvezd a mediterr\u00e1n ritmust. A helyiek nyugodtak, \u00e9s a t\u00f6megek hi\u00e1nya minden pillanatot m\u00e9g val\u00f3dibb\u00e1 tesz.  <\/p>\n\n<p>Valami akt\u00edvabbra v\u00e1gysz? L\u00e1togasd meg a <strong>Forma Viva szoborparkot Se\u010d\u00e1n<\/strong>, ahol a kort\u00e1rs m\u0171v\u00e9szet tal\u00e1lkozik a panor\u00e1m\u00e1val. Szabadt\u00e9ri, nyugodt \u00e9s inspir\u00e1l\u00f3.  <\/p>\n\n<hr class=\"wp-block-separator has-alpha-channel-opacity\"\/>\n\n<h4 class=\"wp-block-heading\">D\u00e9lut\u00e1n: Tapasztald meg a term\u00e9szet \u00fajj\u00e1\u00e9led\u00e9s\u00e9t<\/h4>\n\n<p>Aut\u00f3zz vagy biciklizz a Portoro\u017e m\u00f6g\u00f6tti lank\u00e1s dombokhoz, \u00e9s fedezd fel az <strong>isztriai sz\u0151l\u0151\u00fcltetv\u00e9nyek \u00e9s olajfaligetek korai z\u00f6ldj\u00e9t<\/strong>. Megl\u00e1tod a gazd\u00e1kat, amint metszeni kezdik a sz\u0151l\u0151t, friss f\u0171szern\u00f6v\u00e9nyek hajtanak ki, \u00e9s meleg vend\u00e9gszeretettel fogadnak mindenhol. <\/p>\n\n<p>\u00c9rdemes <strong>megk\u00f3stolni a helyi ol\u00edvaolajat<\/strong> \u2014 m\u00e1rcius a t\u00f6k\u00e9letes id\u0151pont az isztriai olajok felfedez\u00e9s\u00e9re, k\u00fcl\u00f6nleges borsos ut\u00f3\u00edz\u00fckkel. Sok csal\u00e1di gazdas\u00e1g fogad l\u00e1togat\u00f3kat, \u00e9s sz\u00edvesen aj\u00e1nljuk megb\u00edzhat\u00f3 partnereinket. <\/p>\n<span class=\"gdlr-core-space-shortcode\" style=\"margin-top: 40px ;\"  ><\/span>\n\n<h4 class=\"wp-block-heading\">Este: Kapcsol\u00f3dj ki, elm\u00e9lkedj \u00e9s laz\u00edts<\/h4>\n\n<p>Ahogy a nap lenyugszik a tenger f\u00f6l\u00f6tt, t\u00e9rj vissza szob\u00e1dba a <strong>Hotel Tomi-ban<\/strong>. B\u00e1r \u00e9tterm\u00fcnk \u00e1prilisban nyit \u00fajra, \u00f6r\u00f6mmel aj\u00e1nlunk hangulatos helyi vend\u00e9gl\u0151ket, \u00e9s ak\u00e1r esti gy\u00f3gytea bek\u00e9sz\u00edt\u00e9st is szervez\u00fcnk a szob\u00e1dban. <\/p>\n\n<p>Helyezd magad k\u00e9nyelembe, \u00edrj k\u00e9peslapokat, vagy csak figyeld, ahogy Piran f\u00e9nyei pisl\u00e1kolnak az \u00f6b\u00f6l t\u00faloldal\u00e1n. Ez az a fajta este, amely csenddel \u00e9s h\u00e1l\u00e1val t\u00f6lti meg az embert. <\/p>\n<span class=\"gdlr-core-space-shortcode\" style=\"margin-top: 40px ;\"  ><\/span>\n\n<figure class=\"wp-block-gallery has-nested-images columns-default is-cropped wp-block-gallery-1 is-layout-flex wp-block-gallery-is-layout-flex\">\n<figure class=\"wp-block-image size-large\"><img loading=\"lazy\" decoding=\"async\" width=\"576\" height=\"1024\" data-id=\"18893\" src=\"https:\/\/hotel-tomi.eu\/wp-content\/uploads\/2025\/03\/coffee_piran-576x1024.jpg\" alt=\"\" class=\"wp-image-18893\" srcset=\"https:\/\/hotel-tomi.eu\/wp-content\/uploads\/2025\/03\/coffee_piran-576x1024.jpg 576w, https:\/\/hotel-tomi.eu\/wp-content\/uploads\/2025\/03\/coffee_piran-169x300.jpg 169w, https:\/\/hotel-tomi.eu\/wp-content\/uploads\/2025\/03\/coffee_piran-768x1365.jpg 768w, https:\/\/hotel-tomi.eu\/wp-content\/uploads\/2025\/03\/coffee_piran-864x1536.jpg 864w, https:\/\/hotel-tomi.eu\/wp-content\/uploads\/2025\/03\/coffee_piran.jpg 1080w\" sizes=\"auto, (max-width: 576px) 100vw, 576px\" \/><figcaption class=\"wp-element-caption\">Tartini t\u00e9r<\/figcaption><\/figure>\n\n\n\n<figure class=\"wp-block-image size-large\"><img loading=\"lazy\" decoding=\"async\" width=\"576\" height=\"1024\" data-id=\"18901\" src=\"https:\/\/hotel-tomi.eu\/wp-content\/uploads\/2025\/03\/blooming_cherrys-576x1024.jpg\" alt=\"\" class=\"wp-image-18901\" srcset=\"https:\/\/hotel-tomi.eu\/wp-content\/uploads\/2025\/03\/blooming_cherrys-576x1024.jpg 576w, https:\/\/hotel-tomi.eu\/wp-content\/uploads\/2025\/03\/blooming_cherrys-169x300.jpg 169w, https:\/\/hotel-tomi.eu\/wp-content\/uploads\/2025\/03\/blooming_cherrys-768x1365.jpg 768w, https:\/\/hotel-tomi.eu\/wp-content\/uploads\/2025\/03\/blooming_cherrys-864x1536.jpg 864w, https:\/\/hotel-tomi.eu\/wp-content\/uploads\/2025\/03\/blooming_cherrys.jpg 1080w\" sizes=\"auto, (max-width: 576px) 100vw, 576px\" \/><figcaption class=\"wp-element-caption\">Vir\u00e1gz\u00f3 cseresznye Portoro\u017eban<\/figcaption><\/figure>\n\n\n\n<figure class=\"wp-block-image size-large\"><img loading=\"lazy\" decoding=\"async\" width=\"576\" height=\"1024\" data-id=\"18909\" src=\"https:\/\/hotel-tomi.eu\/wp-content\/uploads\/2025\/03\/olive_tree-576x1024.jpg\" alt=\"\" class=\"wp-image-18909\" srcset=\"https:\/\/hotel-tomi.eu\/wp-content\/uploads\/2025\/03\/olive_tree-576x1024.jpg 576w, https:\/\/hotel-tomi.eu\/wp-content\/uploads\/2025\/03\/olive_tree-169x300.jpg 169w, https:\/\/hotel-tomi.eu\/wp-content\/uploads\/2025\/03\/olive_tree-768x1365.jpg 768w, https:\/\/hotel-tomi.eu\/wp-content\/uploads\/2025\/03\/olive_tree-864x1536.jpg 864w, https:\/\/hotel-tomi.eu\/wp-content\/uploads\/2025\/03\/olive_tree.jpg 1080w\" sizes=\"auto, (max-width: 576px) 100vw, 576px\" \/><figcaption class=\"wp-element-caption\">Olivafa Se\u010d\u00e1ban<\/figcaption><\/figure>\n<\/figure>\n<span class=\"gdlr-core-space-shortcode\" style=\"margin-top: 20px ;\"  ><\/span>\n\n<p>\ud83c\udf3f Mi\u00e9rt fontos a m\u00e1rcius<\/p>\n\n<p>A legt\u00f6bb utaz\u00f3 \u00e1prilisra vagy m\u00e1jusra v\u00e1r \u2014 de a m\u00e1rcius azok\u00e9, akik <strong>szeretik a hiteless\u00e9get<\/strong>. A szlov\u00e9n tengerpart tiszta, friss leveg\u0151t, gazdag helyi kult\u00far\u00e1t \u00e9s szabads\u00e1got ny\u00fajt. Azoknak sz\u00f3l, akik nem elmenek\u00fclni akarnak az \u00e9let el\u0151l, hanem visszat\u00e9rni hozz\u00e1.  <\/p>\n\n<p>Ha az egyszer\u0171s\u00e9gre, a sz\u00e9ps\u00e9gre \u00e9s a tavasz el\u0151fut\u00e1r\u00e1ra v\u00e1gysz, akkor <strong>m\u00e1rcius a te id\u0151d \u2014 \u00e9s a Hotel Tomi a te b\u00e1zisod<\/strong>.<\/p>\n","protected":false},"excerpt":{"rendered":"<p>\ud83c\udf31 A szlov\u00e9n tengerpart csendes \u00fajj\u00e1sz\u00fclet\u00e9se M\u00e1rciusban a szlov\u00e9n rivi\u00e9ra els\u0151 tavaszi suttog\u00e1sa \u00e9rezhet\u0151. A leveg\u0151 enyh\u00e9bb\u00e9 v\u00e1lik, a tenger egy kicsit f\u00e9nyesebben csillog, \u00e9s Portoro\u017e f\u00f6l\u00f6tt a dombok vir\u00e1gozni kezdenek. Ez a csendes sz\u00e9ps\u00e9g ideje \u2014 amikor az utaz\u00f3k lass\u00edthatnak, \u00fajra kapcsolatba l\u00e9phetnek a term\u00e9szettel, \u00e9s olyan m\u00f3don tapasztalhatj\u00e1k meg a partot, ahogy azt [&hellip;]<\/p>\n","protected":false},"author":1,"featured_media":18881,"comment_status":"closed","ping_status":"open","sticky":false,"template":"","format":"standard","meta":{"_siteseo_robots_primary_cat":"none","footnotes":""},"categories":[298,294,299,297,295,296],"tags":[304,308,300,301,302,305,306,309,307,303],"class_list":["post-18936","post","type-post","status-publish","format-standard","has-post-thumbnail","hentry","category-egynapos-kirandulasok-es-varosnezes","category-elmenyek-es-tevekenysegek","category-fenntarthato-turizmus","category-szloven-tengerpart","category-tervezes","category-utazasi-tippek","tag-hotel-tomi-hu","tag-lassu-utazas","tag-piran-hu","tag-portoroz-hu","tag-szloven-tengerpart","tag-szlovenia-partvideke","tag-tavaszi-utazas","tag-tengerparti-kikapcsolodas","tag-termeszetjaras","tag-wellness-hu"],"_links":{"self":[{"href":"https:\/\/hotel-tomi.eu\/hu\/wp-json\/wp\/v2\/posts\/18936","targetHints":{"allow":["GET"]}}],"collection":[{"href":"https:\/\/hotel-tomi.eu\/hu\/wp-json\/wp\/v2\/posts"}],"about":[{"href":"https:\/\/hotel-tomi.eu\/hu\/wp-json\/wp\/v2\/types\/post"}],"author":[{"embeddable":true,"href":"https:\/\/hotel-tomi.eu\/hu\/wp-json\/wp\/v2\/users\/1"}],"replies":[{"embeddable":true,"href":"https:\/\/hotel-tomi.eu\/hu\/wp-json\/wp\/v2\/comments?post=18936"}],"version-history":[{"count":1,"href":"https:\/\/hotel-tomi.eu\/hu\/wp-json\/wp\/v2\/posts\/18936\/revisions"}],"predecessor-version":[{"id":18937,"href":"https:\/\/hotel-tomi.eu\/hu\/wp-json\/wp\/v2\/posts\/18936\/revisions\/18937"}],"wp:featuredmedia":[{"embeddable":true,"href":"https:\/\/hotel-tomi.eu\/hu\/wp-json\/wp\/v2\/media\/18881"}],"wp:attachment":[{"href":"https:\/\/hotel-tomi.eu\/hu\/wp-json\/wp\/v2\/media?parent=18936"}],"wp:term":[{"taxonomy":"category","embeddable":true,"href":"https:\/\/hotel-tomi.eu\/hu\/wp-json\/wp\/v2\/categories?post=18936"},{"taxonomy":"post_tag","embeddable":true,"href":"https:\/\/hotel-tomi.eu\/hu\/wp-json\/wp\/v2\/tags?post=18936"}],"curies":[{"name":"wp","href":"https:\/\/api.w.org\/{rel}","templated":true}]}}