{"id":18950,"date":"2025-02-01T22:54:03","date_gmt":"2025-02-01T22:54:03","guid":{"rendered":"https:\/\/hotel-tomi.eu\/blog\/2025\/02\/01\/a-2025-os-februari-top-5-romantikus-elmeny-a-szloven-tengerparton\/"},"modified":"2025-04-02T19:29:22","modified_gmt":"2025-04-02T19:29:22","slug":"a-2025-os-februari-top-5-romantikus-elmeny-a-szloven-tengerparton","status":"publish","type":"post","link":"https:\/\/hotel-tomi.eu\/hu\/blog\/2025\/02\/01\/a-2025-os-februari-top-5-romantikus-elmeny-a-szloven-tengerparton\/","title":{"rendered":"A 2025-\u00f6s febru\u00e1ri Top 5 romantikus \u00e9lm\u00e9ny a szlov\u00e9n tengerparton"},"content":{"rendered":"\n<h3 class=\"wp-block-heading\">\ud83d\udc95 Szerelem a tengerparton<\/h3>\n\n<p>A febru\u00e1r a szerelem h\u00f3napja \u2013 \u00e9s hol lehetne ezt szebben \u00fcnnepelni, mint a nyugodt, naps\u00fct\u00f6tte <strong>szlov\u00e9n Rivi\u00e9r\u00e1n<\/strong>? A romantikus tengerparti s\u00e9t\u00e1kt\u00f3l kezdve a gyertyaf\u00e9nyes vacsor\u00e1kig az Adriai-tengerre n\u00e9z\u0151 kil\u00e1t\u00e1ssal, <strong>Piran \u00e9s Portoro\u017e<\/strong> t\u00f6k\u00e9letes helysz\u00ednt k\u00edn\u00e1lnak azoknak a p\u00e1roknak, akik meghitts\u00e9get, sz\u00e9ps\u00e9get \u00e9s felejthetetlen \u00e9lm\u00e9nyeket keresnek. <\/p>\n\n<p>A <strong>Hotel Tomi-n\u00e1l<\/strong> hissz\u00fck, hogy minden p\u00e1r meg\u00e9rdemel valami t\u00f6bbet, mint csak egy sz\u00e1ll\u00e1st \u2013 egy val\u00f3di \u00e9lm\u00e9nyt. Ez\u00e9rt febru\u00e1rban k\u00fcl\u00f6nleges aj\u00e1nlatokkal k\u00e9sz\u00fclt\u00fcnk, hogy romantikus kiruccan\u00e1sotok igaz\u00e1n eml\u00e9kezetes legyen. <\/p>\n<div class=\"wp-block-image is-resized\">\n<figure class=\"alignleft size-large\"><img loading=\"lazy\" decoding=\"async\" width=\"1024\" height=\"576\" src=\"https:\/\/hotel-tomi.eu\/wp-content\/uploads\/2025\/02\/romantic_dinner_in_portoroz-1024x576.jpg\" alt=\"\" class=\"wp-image-18841\" srcset=\"https:\/\/hotel-tomi.eu\/wp-content\/uploads\/2025\/02\/romantic_dinner_in_portoroz-1024x576.jpg 1024w, https:\/\/hotel-tomi.eu\/wp-content\/uploads\/2025\/02\/romantic_dinner_in_portoroz-300x169.jpg 300w, https:\/\/hotel-tomi.eu\/wp-content\/uploads\/2025\/02\/romantic_dinner_in_portoroz-768x432.jpg 768w, https:\/\/hotel-tomi.eu\/wp-content\/uploads\/2025\/02\/romantic_dinner_in_portoroz-1536x864.jpg 1536w, https:\/\/hotel-tomi.eu\/wp-content\/uploads\/2025\/02\/romantic_dinner_in_portoroz.jpg 1920w\" sizes=\"auto, (max-width: 1024px) 100vw, 1024px\" \/><figcaption class=\"wp-element-caption\">Romantikus vacsora<\/figcaption><\/figure>\n<\/div>\n<p>\ud83c\udf39 <strong>Top 5 romantikus \u00e9lm\u00e9ny p\u00e1roknak a tengerparton<\/strong><\/p>\n\n<hr class=\"wp-block-separator has-alpha-channel-opacity\"\/>\n\n<h4 class=\"wp-block-heading\">1. <strong>Naplement\u00e9s s\u00e9ta a portoro\u017ei s\u00e9t\u00e1nyon<\/strong><\/h4>\n\n<p>Kezdj\u00e9tek a romantikus kiruccan\u00e1st egy kellemes s\u00e9t\u00e1val a portoro\u017ei s\u00e9t\u00e1nyon. A tenger fel\u0151l f\u00faj\u00f3 szell\u0151, a l\u00e1gy t\u00e9li f\u00e9ny \u00e9s a b\u00e9k\u00e9s hangulat t\u00f6k\u00e9letes k\u00f6rnyezetet teremtenek ahhoz, hogy lelass\u00edtsatok \u00e9s egym\u00e1sra figyeljetek. <\/p>\n\n<p><strong>Tipp<\/strong>: S\u00e9t\u00e1ljatok el eg\u00e9szen a <strong>pirani Tartini t\u00e9rig<\/strong>, \u00e9s \u00e9lvezz\u00e9tek az arany\u00f3r\u00e1t a r\u00e9gi v\u00e1rosfalr\u00f3l.<\/p>\n\n<hr class=\"wp-block-separator has-alpha-channel-opacity\"\/>\n\n<h4 class=\"wp-block-heading\">2. <strong>Gyertyaf\u00e9nyes vacsora egy helyi \u00e9tteremben<\/strong><\/h4>\n\n<p>B\u00e1r a <strong>Hotel Tomi<\/strong> \u00e9tterme t\u00e9len z\u00e1rva tart, kiv\u00e1l\u00f3 helyi \u00e9ttermek vesznek minket k\u00f6r\u00fcl. Egy felejthetetlen Valentin-napi vacsor\u00e1hoz vagy randev\u00fahoz a k\u00f6vetkez\u0151 helyeket aj\u00e1nljuk: <\/p>\n\n<ul class=\"wp-block-list\">\n<li><strong>Rizibizi<\/strong> \u2013 Fine dining Portoro\u017eban, romantikus hangulattal \u00e9s helyi \u00edzekben gazdag men\u00fcvel<\/li>\n\n\n\n<li><strong>Fritolin Pri Cantini (Piran)<\/strong> \u2013 Laza, de meghitt hely, kiv\u00e1l\u00f3 tengeri \u00e9telekkel \u00e9s helyi borokkal, rusztikus k\u0151falak k\u00f6z\u00f6tt<\/li>\n\n\n\n<li><strong>Restavracija Pavel 2 (Piran) <\/strong>\u2013 Csod\u00e1s tengeri panor\u00e1ma, mediterr\u00e1n b\u00e1j \u00e9s kiv\u00e1l\u00f3 kiszolg\u00e1l\u00e1s<\/li>\n<\/ul>\n\n<p>Recepci\u00f3nk \u00f6r\u00f6mmel seg\u00edt az <strong>asztalfoglal\u00e1sban<\/strong> \u2013 ak\u00e1r taxit is int\u00e9z\u00fcnk vagy javasolunk egy sz\u00e9p s\u00e9t\u00e1t.<\/p>\n<span class=\"gdlr-core-space-shortcode\" style=\"margin-top: 40px ;\"  ><\/span>\n\n<p><\/p>\n\n<figure class=\"wp-block-gallery has-nested-images columns-default is-cropped wp-block-gallery-1 is-layout-flex wp-block-gallery-is-layout-flex\">\n<figure class=\"wp-block-image size-full\"><img loading=\"lazy\" decoding=\"async\" width=\"1080\" height=\"1920\" data-id=\"18849\" src=\"https:\/\/hotel-tomi.eu\/wp-content\/uploads\/2025\/02\/romantic_walk_portoroz.jpg\" alt=\"\" class=\"wp-image-18849\" srcset=\"https:\/\/hotel-tomi.eu\/wp-content\/uploads\/2025\/02\/romantic_walk_portoroz.jpg 1080w, https:\/\/hotel-tomi.eu\/wp-content\/uploads\/2025\/02\/romantic_walk_portoroz-169x300.jpg 169w, https:\/\/hotel-tomi.eu\/wp-content\/uploads\/2025\/02\/romantic_walk_portoroz-576x1024.jpg 576w, https:\/\/hotel-tomi.eu\/wp-content\/uploads\/2025\/02\/romantic_walk_portoroz-768x1365.jpg 768w, https:\/\/hotel-tomi.eu\/wp-content\/uploads\/2025\/02\/romantic_walk_portoroz-864x1536.jpg 864w\" sizes=\"auto, (max-width: 1080px) 100vw, 1080px\" \/><figcaption class=\"wp-element-caption\">K\u00f6z\u00f6s pillanatok<\/figcaption><\/figure>\n\n\n\n<figure class=\"wp-block-image size-large\"><img loading=\"lazy\" decoding=\"async\" width=\"576\" height=\"1024\" data-id=\"18857\" src=\"https:\/\/hotel-tomi.eu\/wp-content\/uploads\/2025\/02\/rose_plate-576x1024.jpg\" alt=\"\" class=\"wp-image-18857\" srcset=\"https:\/\/hotel-tomi.eu\/wp-content\/uploads\/2025\/02\/rose_plate-576x1024.jpg 576w, https:\/\/hotel-tomi.eu\/wp-content\/uploads\/2025\/02\/rose_plate-169x300.jpg 169w, https:\/\/hotel-tomi.eu\/wp-content\/uploads\/2025\/02\/rose_plate-768x1365.jpg 768w, https:\/\/hotel-tomi.eu\/wp-content\/uploads\/2025\/02\/rose_plate-864x1536.jpg 864w, https:\/\/hotel-tomi.eu\/wp-content\/uploads\/2025\/02\/rose_plate.jpg 1080w\" sizes=\"auto, (max-width: 576px) 100vw, 576px\" \/><figcaption class=\"wp-element-caption\">Igazi romantikus hangulat<\/figcaption><\/figure>\n\n\n\n<figure class=\"wp-block-image size-large\"><img loading=\"lazy\" decoding=\"async\" width=\"576\" height=\"1024\" data-id=\"18865\" src=\"https:\/\/hotel-tomi.eu\/wp-content\/uploads\/2025\/02\/couples_massage-576x1024.jpg\" alt=\"\" class=\"wp-image-18865\" srcset=\"https:\/\/hotel-tomi.eu\/wp-content\/uploads\/2025\/02\/couples_massage-576x1024.jpg 576w, https:\/\/hotel-tomi.eu\/wp-content\/uploads\/2025\/02\/couples_massage-169x300.jpg 169w, https:\/\/hotel-tomi.eu\/wp-content\/uploads\/2025\/02\/couples_massage-768x1365.jpg 768w, https:\/\/hotel-tomi.eu\/wp-content\/uploads\/2025\/02\/couples_massage-864x1536.jpg 864w, https:\/\/hotel-tomi.eu\/wp-content\/uploads\/2025\/02\/couples_massage.jpg 1080w\" sizes=\"auto, (max-width: 576px) 100vw, 576px\" \/><figcaption class=\"wp-element-caption\">P\u00e1ros massz\u00e1zs<\/figcaption><\/figure>\n<\/figure>\n<span class=\"gdlr-core-space-shortcode\" style=\"margin-top: 20px ;\"  ><\/span>\n\n<h4 class=\"wp-block-heading\">3. <strong>Wellness &amp; Spa nap kett\u0151t\u00f6knek<\/strong><\/h4>\n\n<p>Melegedjetek fel \u00e9s laz\u00edtsatok egy\u00fctt a <strong>Portoro\u017ei Term\u00e1lf\u00fcrd\u0151ben<\/strong>, amely eg\u00e9sz \u00e9vben nyitva tart. \u00c9lvezz\u00e9tek: <\/p>\n\n<ul class=\"wp-block-list\">\n<li>A f\u0171t\u00f6tt tengervizes medenc\u00e9ket<\/li>\n\n\n\n<li>Aromater\u00e1pi\u00e1s g\u0151zf\u00fcrd\u0151ket<\/li>\n\n\n\n<li>P\u00e1rmassz\u00e1zsokat \u00e9s relax kezel\u00e9seket<\/li>\n<\/ul>\n\n<p>Seg\u00edt\u00fcnk a legjobb kezel\u00e9sek lefoglal\u00e1s\u00e1ban \u2013 csak sz\u00f3ljatok a <strong>Hotel Tomi<\/strong> recepci\u00f3j\u00e1n.<\/p>\n\n<hr class=\"wp-block-separator has-alpha-channel-opacity\"\/>\n\n<h4 class=\"wp-block-heading\">4. <strong>Isztriai bork\u00f3stol\u00f3 p\u00e1roknak<\/strong><\/h4>\n\n<p>Semmi sem romantikusabb, mint egy bork\u00f3stol\u00f3 sajtokkal a sz\u0151l\u0151t\u0151k\u00e9k k\u00f6z\u00f6tt. L\u00e1togassatok el helyi pinc\u00e9szetekbe, p\u00e9ld\u00e1ul a <strong>Rodica<\/strong> vagy a <strong>Korenika &amp; Mo\u0161kon<\/strong> bor\u00e1szatba, \u00e9s k\u00f3stolj\u00e1tok meg a Refo\u0161kot \u00e9s a Malvazij\u00e1t egy rusztikus, meghitt k\u00f6rnyezetben. <\/p>\n\n<p><strong>Nincs aut\u00f3tok?<\/strong> Priv\u00e1t transzfert biztos\u00edtunk vagy aj\u00e1nlunk egy csoportos t\u00far\u00e1t.<\/p>\n\n<hr class=\"wp-block-separator has-alpha-channel-opacity\"\/>\n\n<h4 class=\"wp-block-heading\">5. <strong>T\u0171njetek el kettesben Piran utc\u00e1in<\/strong><\/h4>\n\n<p>N\u00e9ha a legegyszer\u0171bb pillanatok a legromantikusabbak. S\u00e9t\u00e1ljatok k\u00e9z a k\u00e9zben Piran sz\u0171k, macskak\u00f6ves utc\u00e1in, csod\u00e1lj\u00e1tok meg az \u00e9p\u00edt\u00e9szetet, n\u00e9zzetek be egy gal\u00e9ri\u00e1ba, \u00e9s \u00fcljetek le egy pillanatra a tengerparti korl\u00e1tn\u00e1l. Olyan, mint egy jelenet egy filmb\u0151l.  <\/p>\n\n<p><strong>Tipp<\/strong>: M\u00e1sszatok fel a Szent Gy\u00f6rgy-templom harangtorny\u00e1ba, ahonnan az egyik legszebb kil\u00e1t\u00e1s ny\u00edlik a tengerre.<\/p>\n\n<hr class=\"wp-block-separator has-alpha-channel-opacity\"\/>\n\n<h3 class=\"wp-block-heading\">\ud83c\udfe8 Romantikus r\u00e9szletek a Hotel Tomi-ban<\/h3>\n\n<p><strong>Febru\u00e1rban<\/strong> n\u00e9h\u00e1ny k\u00fcl\u00f6nleges meglepet\u00e9ssel v\u00e1rjuk azokat a p\u00e1rokat, akik n\u00e1lunk sz\u00e1llnak meg:<\/p>\n\n<ul class=\"wp-block-list\">\n<li><strong>\u00dcdv\u00f6zl\u0151 prosecco \u00e9s csokol\u00e1d\u00e9 aj\u00e1nd\u00e9kba<\/strong><\/li>\n\n\n\n<li><strong>Seg\u00edts\u00e9g vacsorafoglal\u00e1shoz \u00e9s romantikus kir\u00e1ndul\u00e1sokhoz<\/strong><\/li>\n\n\n\n<li><strong>Ig\u00e9ny szerint <\/strong>vir\u00e1gcsomag a szob\u00e1ba<\/li>\n<\/ul>\n\n<p>Mondj\u00e1tok el, mivel tehetj\u00fck m\u00e9g szem\u00e9lyesebb\u00e9 az itt-tart\u00f3zkod\u00e1sotokat. Szeretj\u00fck seg\u00edteni a p\u00e1rokat, hogy maradand\u00f3 \u00e9lm\u00e9nyeket teremtsenek. \ud83d\udc9d <\/p>\n\n<h3 class=\"wp-block-heading\"><\/h3>\n","protected":false},"excerpt":{"rendered":"<p>\ud83d\udc95 Szerelem a tengerparton A febru\u00e1r a szerelem h\u00f3napja \u2013 \u00e9s hol lehetne ezt szebben \u00fcnnepelni, mint a nyugodt, naps\u00fct\u00f6tte szlov\u00e9n Rivi\u00e9r\u00e1n? A romantikus tengerparti s\u00e9t\u00e1kt\u00f3l kezdve a gyertyaf\u00e9nyes vacsor\u00e1kig az Adriai-tengerre n\u00e9z\u0151 kil\u00e1t\u00e1ssal, Piran \u00e9s Portoro\u017e t\u00f6k\u00e9letes helysz\u00ednt k\u00edn\u00e1lnak azoknak a p\u00e1roknak, akik meghitts\u00e9get, sz\u00e9ps\u00e9get \u00e9s felejthetetlen \u00e9lm\u00e9nyeket keresnek. A Hotel Tomi-n\u00e1l hissz\u00fck, hogy [&hellip;]<\/p>\n","protected":false},"author":1,"featured_media":18837,"comment_status":"closed","ping_status":"open","sticky":false,"template":"","format":"standard","meta":{"_siteseo_robots_primary_cat":"none","footnotes":""},"categories":[298,294,295,296],"tags":[304,355,300,301,353,351,352,305,354],"class_list":["post-18950","post","type-post","status-publish","format-standard","has-post-thumbnail","hentry","category-egynapos-kirandulasok-es-varosnezes","category-elmenyek-es-tevekenysegek","category-tervezes","category-utazasi-tippek","tag-hotel-tomi-hu","tag-paros-utazasok","tag-piran-hu","tag-portoroz-hu","tag-romantika-hu","tag-romantikus-kiruccanasok","tag-szerelem-isztriaban","tag-szlovenia-partvideke","tag-valentin-nap"],"_links":{"self":[{"href":"https:\/\/hotel-tomi.eu\/hu\/wp-json\/wp\/v2\/posts\/18950","targetHints":{"allow":["GET"]}}],"collection":[{"href":"https:\/\/hotel-tomi.eu\/hu\/wp-json\/wp\/v2\/posts"}],"about":[{"href":"https:\/\/hotel-tomi.eu\/hu\/wp-json\/wp\/v2\/types\/post"}],"author":[{"embeddable":true,"href":"https:\/\/hotel-tomi.eu\/hu\/wp-json\/wp\/v2\/users\/1"}],"replies":[{"embeddable":true,"href":"https:\/\/hotel-tomi.eu\/hu\/wp-json\/wp\/v2\/comments?post=18950"}],"version-history":[{"count":1,"href":"https:\/\/hotel-tomi.eu\/hu\/wp-json\/wp\/v2\/posts\/18950\/revisions"}],"predecessor-version":[{"id":18951,"href":"https:\/\/hotel-tomi.eu\/hu\/wp-json\/wp\/v2\/posts\/18950\/revisions\/18951"}],"wp:featuredmedia":[{"embeddable":true,"href":"https:\/\/hotel-tomi.eu\/hu\/wp-json\/wp\/v2\/media\/18837"}],"wp:attachment":[{"href":"https:\/\/hotel-tomi.eu\/hu\/wp-json\/wp\/v2\/media?parent=18950"}],"wp:term":[{"taxonomy":"category","embeddable":true,"href":"https:\/\/hotel-tomi.eu\/hu\/wp-json\/wp\/v2\/categories?post=18950"},{"taxonomy":"post_tag","embeddable":true,"href":"https:\/\/hotel-tomi.eu\/hu\/wp-json\/wp\/v2\/tags?post=18950"}],"curies":[{"name":"wp","href":"https:\/\/api.w.org\/{rel}","templated":true}]}}