{"id":18928,"date":"2025-03-01T23:22:34","date_gmt":"2025-03-01T23:22:34","guid":{"rendered":"https:\/\/hotel-tomi.eu\/blog\/2025\/03\/01\/risveglio-costiero-scopri-i-primi-segni-della-primavera-a-portorose-e-pirano\/"},"modified":"2025-03-31T15:40:42","modified_gmt":"2025-03-31T15:40:42","slug":"risveglio-costiero-scopri-i-primi-segni-della-primavera-a-portorose-e-pirano","status":"publish","type":"post","link":"https:\/\/hotel-tomi.eu\/it\/blog\/2025\/03\/01\/risveglio-costiero-scopri-i-primi-segni-della-primavera-a-portorose-e-pirano\/","title":{"rendered":"Risveglio costiero: Scopri i primi segni della primavera a Portorose e Pirano"},"content":{"rendered":"\n<p>\ud83c\udf31 La quieta rinascita della costa slovena<\/p>\n\n<p>Marzo porta i primi sussurri della primavera sulla Riviera Slovena. L&#8217;aria si fa pi\u00f9 mite, il mare scintilla un po&#8217; di pi\u00f9 e le colline sopra Portorose iniziano a fiorire. \u00c8 un momento di tranquilla bellezza\u2014quando i viaggiatori possono rallentare, riconnettersi con la natura e vivere la costa in un modo che pochi fanno.  <\/p>\n\n<p><strong>All&#8217;Hotel Tomi<\/strong>, amiamo questa stagione. Non \u00e8 rumorosa n\u00e9 frenetica\u2014<strong>\u00e8 pacifica, piena di speranza e di potenziale<\/strong>. E se ci visiti ora, scoprirai un tipo diverso di lusso: <strong>spazio, tranquillit\u00e0 e autenticit\u00e0.<\/strong>  <\/p>\n\n<hr class=\"wp-block-separator has-alpha-channel-opacity\"\/>\n\n<h3 class=\"wp-block-heading\">\ud83c\udf38 Il tuo viaggio di inizio primavera: cosa vedere, sentire e assaporare<\/h3>\n\n<h4 class=\"wp-block-heading\">Mattina: Guarda la costa che si sveglia<\/h4>\n\n<p>Inizia la giornata con una passeggiata lungo il <strong>sentiero costiero Portorose\u2013Strugnano<\/strong>. L&#8217;aria \u00e8 fresca e leggera, il canto degli uccelli riempie gli alberi e probabilmente avrai il sentiero quasi tutto per te. <\/p>\n\n<p>\ud83d\udccd <strong>La Riserva Naturale di Strugnano<\/strong> \u00e8 particolarmente tranquilla all&#8217;inizio della primavera\u2014le saline scintillano nella luce del mattino e i fiori selvatici iniziano a colorare i bordi delle scogliere.<\/p>\n\n<p>Chiedi alla <strong>reception dell&#8217;Hotel<\/strong> Tomi una mappa per picnic o consigli stagionali per le passeggiate.<\/p>\n<div class=\"wp-block-image\">\n<figure class=\"alignleft size-large\"><img loading=\"lazy\" decoding=\"async\" width=\"1024\" height=\"576\" src=\"https:\/\/hotel-tomi.eu\/wp-content\/uploads\/2025\/03\/sitting_on_the_edge_dog-1024x576.jpg\" alt=\"\" class=\"wp-image-18885\" srcset=\"https:\/\/hotel-tomi.eu\/wp-content\/uploads\/2025\/03\/sitting_on_the_edge_dog-1024x576.jpg 1024w, https:\/\/hotel-tomi.eu\/wp-content\/uploads\/2025\/03\/sitting_on_the_edge_dog-300x169.jpg 300w, https:\/\/hotel-tomi.eu\/wp-content\/uploads\/2025\/03\/sitting_on_the_edge_dog-768x432.jpg 768w, https:\/\/hotel-tomi.eu\/wp-content\/uploads\/2025\/03\/sitting_on_the_edge_dog-1536x864.jpg 1536w, https:\/\/hotel-tomi.eu\/wp-content\/uploads\/2025\/03\/sitting_on_the_edge_dog.jpg 1920w\" sizes=\"auto, (max-width: 1024px) 100vw, 1024px\" \/><figcaption class=\"wp-element-caption\">Osservazione del mare e del tramonto.<\/figcaption><\/figure>\n<\/div>\n<h4 class=\"wp-block-heading\">Mezzogiorno: Trova la bellezza nella semplicit\u00e0<\/h4>\n\n<p>Ora \u00e8 il momento di <strong>abbracciare il viaggio lento<\/strong>. Fermati in un caff\u00e8 sul mare a Pirano, sorseggia un caff\u00e8 sotto una coperta e immergiti nel ritmo mediterraneo. I locali sono rilassati e l&#8217;assenza di folle rende ogni momento pi\u00f9 genuino.  <\/p>\n\n<p>Vuoi qualcosa di pi\u00f9 attivo? Visita il <strong>parco di sculture Forma Viva a Se\u010da<\/strong>, dove l&#8217;arte contemporanea incontra viste panoramiche. \u00c8 all&#8217;aperto, senza folla e silenziosamente ispiratore.  <\/p>\n\n<hr class=\"wp-block-separator has-alpha-channel-opacity\"\/>\n\n<h4 class=\"wp-block-heading\">Pomeriggio: Vivi il risveglio della natura<\/h4>\n\n<p>Guida o pedala nelle dolci colline dietro Portorose ed esplora il verde precoce dei <strong>vigneti istriani e degli uliveti<\/strong>. Troverai agricoltori che iniziano a potare le viti, erbe fresche che spuntano e una calda ospitalit\u00e0 ovunque tu ti fermi. <\/p>\n\n<p>Considera una <strong>degustazione di olio d&#8217;oliva locale<\/strong>\u2014marzo \u00e8 il momento perfetto per scoprire gli oli istriani con il loro distintivo finale pepato. Molte aziende agricole familiari accolgono i visitatori e saremo lieti di raccomandarti i nostri partner fidati. <\/p>\n<span class=\"gdlr-core-space-shortcode\" style=\"margin-top: 40px ;\"  ><\/span>\n\n<h4 class=\"wp-block-heading\">Sera: Riconnettiti, rifletti e rilassati<\/h4>\n\n<p>Mentre il sole tramonta sul mare, ritorna nella tua stanza all&#8217;<strong>Hotel Tomi<\/strong>. Anche se il nostro ristorante riapre ad aprile, ti guideremo verso i ristoranti locali pi\u00f9 accoglienti e possiamo organizzare un servizio di t\u00e8 alle erbe post-cena nella tua stanza. <\/p>\n\n<p>Rannicchiati, scrivi alcune cartoline o semplicemente guarda le luci di Pirano che scintillano attraverso la baia. \u00c8 il tipo di serata che ti riempie di quiete e gratitudine. <\/p>\n<span class=\"gdlr-core-space-shortcode\" style=\"margin-top: 40px ;\"  ><\/span>\n\n<figure class=\"wp-block-gallery has-nested-images columns-default is-cropped wp-block-gallery-1 is-layout-flex wp-block-gallery-is-layout-flex\">\n<figure class=\"wp-block-image size-large\"><img loading=\"lazy\" decoding=\"async\" width=\"576\" height=\"1024\" data-id=\"18893\" src=\"https:\/\/hotel-tomi.eu\/wp-content\/uploads\/2025\/03\/coffee_piran-576x1024.jpg\" alt=\"\" class=\"wp-image-18893\" srcset=\"https:\/\/hotel-tomi.eu\/wp-content\/uploads\/2025\/03\/coffee_piran-576x1024.jpg 576w, https:\/\/hotel-tomi.eu\/wp-content\/uploads\/2025\/03\/coffee_piran-169x300.jpg 169w, https:\/\/hotel-tomi.eu\/wp-content\/uploads\/2025\/03\/coffee_piran-768x1365.jpg 768w, https:\/\/hotel-tomi.eu\/wp-content\/uploads\/2025\/03\/coffee_piran-864x1536.jpg 864w, https:\/\/hotel-tomi.eu\/wp-content\/uploads\/2025\/03\/coffee_piran.jpg 1080w\" sizes=\"auto, (max-width: 576px) 100vw, 576px\" \/><figcaption class=\"wp-element-caption\">Piazza Tartini<\/figcaption><\/figure>\n\n\n\n<figure class=\"wp-block-image size-large\"><img loading=\"lazy\" decoding=\"async\" width=\"576\" height=\"1024\" data-id=\"18901\" src=\"https:\/\/hotel-tomi.eu\/wp-content\/uploads\/2025\/03\/blooming_cherrys-576x1024.jpg\" alt=\"\" class=\"wp-image-18901\" srcset=\"https:\/\/hotel-tomi.eu\/wp-content\/uploads\/2025\/03\/blooming_cherrys-576x1024.jpg 576w, https:\/\/hotel-tomi.eu\/wp-content\/uploads\/2025\/03\/blooming_cherrys-169x300.jpg 169w, https:\/\/hotel-tomi.eu\/wp-content\/uploads\/2025\/03\/blooming_cherrys-768x1365.jpg 768w, https:\/\/hotel-tomi.eu\/wp-content\/uploads\/2025\/03\/blooming_cherrys-864x1536.jpg 864w, https:\/\/hotel-tomi.eu\/wp-content\/uploads\/2025\/03\/blooming_cherrys.jpg 1080w\" sizes=\"auto, (max-width: 576px) 100vw, 576px\" \/><figcaption class=\"wp-element-caption\">Fioritura dei ciliegi a Portorose<\/figcaption><\/figure>\n\n\n\n<figure class=\"wp-block-image size-large\"><img loading=\"lazy\" decoding=\"async\" width=\"576\" height=\"1024\" data-id=\"18909\" src=\"https:\/\/hotel-tomi.eu\/wp-content\/uploads\/2025\/03\/olive_tree-576x1024.jpg\" alt=\"\" class=\"wp-image-18909\" srcset=\"https:\/\/hotel-tomi.eu\/wp-content\/uploads\/2025\/03\/olive_tree-576x1024.jpg 576w, https:\/\/hotel-tomi.eu\/wp-content\/uploads\/2025\/03\/olive_tree-169x300.jpg 169w, https:\/\/hotel-tomi.eu\/wp-content\/uploads\/2025\/03\/olive_tree-768x1365.jpg 768w, https:\/\/hotel-tomi.eu\/wp-content\/uploads\/2025\/03\/olive_tree-864x1536.jpg 864w, https:\/\/hotel-tomi.eu\/wp-content\/uploads\/2025\/03\/olive_tree.jpg 1080w\" sizes=\"auto, (max-width: 576px) 100vw, 576px\" \/><figcaption class=\"wp-element-caption\">Ulivo a Sezza<\/figcaption><\/figure>\n<\/figure>\n<span class=\"gdlr-core-space-shortcode\" style=\"margin-top: 20px ;\"  ><\/span>\n\n<p>\ud83c\udf3f Perch\u00e9 marzo \u00e8 importante<\/p>\n\n<p>La maggior parte dei viaggiatori aspetta aprile o maggio\u2014ma marzo \u00e8 per coloro che amano <strong>l&#8217;autenticit\u00e0<\/strong>. La costa slovena offre aria pulita e fresca, una ricca cultura locale e spazio per respirare. \u00c8 per le persone che viaggiano non per sfuggire alla vita, ma per ritornarci.  <\/p>\n\n<p>Se stai cercando semplicit\u00e0, bellezza e un anticipo sulla primavera, <strong>marzo \u00e8 il tuo momento\u2014e l&#8217;Hotel Tomi \u00e8 la tua base<\/strong>.<\/p>\n","protected":false},"excerpt":{"rendered":"<p>\ud83c\udf31 La quieta rinascita della costa slovena Marzo porta i primi sussurri della primavera sulla Riviera Slovena. L&#8217;aria si fa pi\u00f9 mite, il mare scintilla un po&#8217; di pi\u00f9 e le colline sopra Portorose iniziano a fiorire. \u00c8 un momento di tranquilla bellezza\u2014quando i viaggiatori possono rallentare, riconnettersi con la natura e vivere la costa [&hellip;]<\/p>\n","protected":false},"author":1,"featured_media":18882,"comment_status":"closed","ping_status":"open","sticky":false,"template":"","format":"standard","meta":{"_siteseo_robots_primary_cat":"none","footnotes":""},"categories":[232,233,230,234,231,235],"tags":[239,238,240,243,236,237,241,245,242,244],"class_list":["post-18928","post","type-post","status-publish","format-standard","has-post-thumbnail","hentry","category-consigli-di-viaggio","category-costa-slovena","category-esperienze-e-attivita","category-gite-giornaliere-e-visite-turistiche","category-pianificazione","category-turismo-sostenibile","tag-benessere","tag-costa-slovena","tag-hotel-tomi-it","tag-passeggiate-nella-natura","tag-pirano","tag-portorose","tag-slovenia-costiera","tag-vacanza-al-mare","tag-viaggi-primaverili","tag-viaggio-lento"],"_links":{"self":[{"href":"https:\/\/hotel-tomi.eu\/it\/wp-json\/wp\/v2\/posts\/18928","targetHints":{"allow":["GET"]}}],"collection":[{"href":"https:\/\/hotel-tomi.eu\/it\/wp-json\/wp\/v2\/posts"}],"about":[{"href":"https:\/\/hotel-tomi.eu\/it\/wp-json\/wp\/v2\/types\/post"}],"author":[{"embeddable":true,"href":"https:\/\/hotel-tomi.eu\/it\/wp-json\/wp\/v2\/users\/1"}],"replies":[{"embeddable":true,"href":"https:\/\/hotel-tomi.eu\/it\/wp-json\/wp\/v2\/comments?post=18928"}],"version-history":[{"count":1,"href":"https:\/\/hotel-tomi.eu\/it\/wp-json\/wp\/v2\/posts\/18928\/revisions"}],"predecessor-version":[{"id":18929,"href":"https:\/\/hotel-tomi.eu\/it\/wp-json\/wp\/v2\/posts\/18928\/revisions\/18929"}],"wp:featuredmedia":[{"embeddable":true,"href":"https:\/\/hotel-tomi.eu\/it\/wp-json\/wp\/v2\/media\/18882"}],"wp:attachment":[{"href":"https:\/\/hotel-tomi.eu\/it\/wp-json\/wp\/v2\/media?parent=18928"}],"wp:term":[{"taxonomy":"category","embeddable":true,"href":"https:\/\/hotel-tomi.eu\/it\/wp-json\/wp\/v2\/categories?post=18928"},{"taxonomy":"post_tag","embeddable":true,"href":"https:\/\/hotel-tomi.eu\/it\/wp-json\/wp\/v2\/tags?post=18928"}],"curies":[{"name":"wp","href":"https:\/\/api.w.org\/{rel}","templated":true}]}}